{"id":1031,"date":"2018-07-23T15:43:43","date_gmt":"2018-07-23T13:43:43","guid":{"rendered":"http:\/\/www.rott.it\/mostra-retrospetiva-de-rott"},"modified":"2018-09-07T11:59:41","modified_gmt":"2018-09-07T09:59:41","slug":"mostra-retrospetiva-de-rott","status":"publish","type":"post","link":"https:\/\/www.rott.it\/de\/mostra-retrospetiva-de-rott","title":{"rendered":"Retrospektive Ausstellung von ROTT"},"content":{"rendered":"<div class=\"fusion-fullwidth fullwidth-box fusion-builder-row-1 nonhundred-percent-fullwidth non-hundred-percent-height-scrolling\" style=\"background-color: rgba(255,255,255,0.71);background-position: center center;background-repeat: no-repeat;padding-top:25px;padding-right:25px;padding-bottom:25px;padding-left:25px;margin-bottom: 0px;margin-top: 0px;border-width: 0px 0px 0px 0px;border-color:#eae9e9;border-style:solid;\" ><div class=\"fusion-builder-row fusion-row\"><div class=\"fusion-layout-column fusion_builder_column fusion-builder-column-0 fusion_builder_column_1_1 1_1 fusion-one-full fusion-column-first fusion-column-last\" style=\"margin-top:0px;margin-bottom:20px;\"><div class=\"fusion-column-wrapper fusion-flex-column-wrapper-legacy\" style=\"background-position:left top;background-repeat:no-repeat;-webkit-background-size:cover;-moz-background-size:cover;-o-background-size:cover;background-size:cover;padding: 0px 0px 0px 0px;\"><div class=\"fusion-text fusion-text-1\"><h1>Retrospektive Ausstellung von\u00a0 ROTT anl\u00e4sslich der 80 Jahre des K\u00fcnstlers und der 60 Jahre seiner k\u00fcnstlerischen T\u00e4tigkeit<\/h1>\n<h2>Vernissage: 27\/07\/2018, 18 Uhr, <a href=\"https:\/\/www.micura.it\/it\/8-news\/424-retrospetiva-de-lois-rottonara-rott\">Istitut Ladin Micur\u00e0 de R\u00fc, S.Martin in Thurn <\/a><\/h2>\n<h3>Kuratiert von Danila Serafini Bertoldi<\/h3>\n<h3>Veranstaltung: Cons\u00ebi cultural dl Comun de Badia, Istitut Ladin Micur\u00e1 de R\u00fc<\/h3>\n<h3>Musikalischer Rahmen: Susy Rottonara -Sopran, Klavier. Musik von C.Debussy, G.Puccini, R.Strauss, F.Chopin<\/h3>\n<h4>Katalog im Ladinischen Kulturinstitut<\/h4>\n<h3>Press:<\/h3>\n<h4><a href=\"http:\/\/www.rott.it\/wp-content\/uploads\/Corriere.jpg\">Il Corriere della Sera, <\/a><a href=\"http:\/\/www.raibz.rai.it\/la\/index.php?media=Ttv1532988000\">Bericht im RAI TV Ladinia Fernsehen,\u00a0<\/a><a href=\"http:\/\/www.rott.it\/wp-content\/uploads\/Mostra-retrospettiva-Alto-Adige.jpg\">Alto Adige,\u00a0<\/a><a href=\"http:\/\/www.rott.it\/wp-content\/uploads\/Mostra-retrospettiva-Dolomiten.jpg\">Dolomiten,\u00a0<\/a><a href=\"http:\/\/www.raibz.rai.it\/la\/index.php?media=Ttv1532988000\">\u00a0<\/a><a href=\"http:\/\/www.rott.it\/wp-content\/uploads\/La-Usc-di-Ladins-avis.jpg\">La Usc di Ladins,\u00a0\u00a0<\/a><a href=\"http:\/\/www.rott.it\/wp-content\/uploads\/La-Usc-di-Ladins-articolo.jpg\">La Usc di Ladins Bericht,\u00a0<\/a><a href=\"http:\/\/www.rott.it\/wp-content\/uploads\/Dai_crepes_dl_Sela_09-06-2018-Rott.mp3\">Interview RADIO Ladinia<\/a><\/h4>\n<p><img decoding=\"async\" class=\"alignnone size-medium wp-image-1001\" src=\"http:\/\/www.rott.it\/wp-content\/uploads\/Invit-ROTT-2-300x300.jpg\" alt=\"\" width=\"300\" height=\"300\" srcset=\"https:\/\/www.rott.it\/wp-content\/uploads\/Invit-ROTT-2-66x66.jpg 66w, https:\/\/www.rott.it\/wp-content\/uploads\/Invit-ROTT-2-150x150.jpg 150w, https:\/\/www.rott.it\/wp-content\/uploads\/Invit-ROTT-2-200x200.jpg 200w, https:\/\/www.rott.it\/wp-content\/uploads\/Invit-ROTT-2-300x300.jpg 300w, https:\/\/www.rott.it\/wp-content\/uploads\/Invit-ROTT-2-400x400.jpg 400w, https:\/\/www.rott.it\/wp-content\/uploads\/Invit-ROTT-2-600x600.jpg 600w, https:\/\/www.rott.it\/wp-content\/uploads\/Invit-ROTT-2-768x768.jpg 768w, https:\/\/www.rott.it\/wp-content\/uploads\/Invit-ROTT-2-800x800.jpg 800w, https:\/\/www.rott.it\/wp-content\/uploads\/Invit-ROTT-2-1024x1024.jpg 1024w, https:\/\/www.rott.it\/wp-content\/uploads\/Invit-ROTT-2-1200x1200.jpg 1200w, https:\/\/www.rott.it\/wp-content\/uploads\/Invit-ROTT-2.jpg 1772w\" sizes=\"(max-width: 300px) 100vw, 300px\" \/> <img decoding=\"async\" class=\"alignnone size-medium wp-image-1000\" src=\"http:\/\/www.rott.it\/wp-content\/uploads\/Invit-ROTT-1-300x300.jpg\" alt=\"\" width=\"300\" height=\"300\" srcset=\"https:\/\/www.rott.it\/wp-content\/uploads\/Invit-ROTT-1-66x66.jpg 66w, https:\/\/www.rott.it\/wp-content\/uploads\/Invit-ROTT-1-150x150.jpg 150w, https:\/\/www.rott.it\/wp-content\/uploads\/Invit-ROTT-1-200x200.jpg 200w, https:\/\/www.rott.it\/wp-content\/uploads\/Invit-ROTT-1-300x300.jpg 300w, https:\/\/www.rott.it\/wp-content\/uploads\/Invit-ROTT-1-400x400.jpg 400w, https:\/\/www.rott.it\/wp-content\/uploads\/Invit-ROTT-1-600x600.jpg 600w, https:\/\/www.rott.it\/wp-content\/uploads\/Invit-ROTT-1-768x768.jpg 768w, https:\/\/www.rott.it\/wp-content\/uploads\/Invit-ROTT-1-800x800.jpg 800w, https:\/\/www.rott.it\/wp-content\/uploads\/Invit-ROTT-1-1024x1024.jpg 1024w, https:\/\/www.rott.it\/wp-content\/uploads\/Invit-ROTT-1-1200x1200.jpg 1200w, https:\/\/www.rott.it\/wp-content\/uploads\/Invit-ROTT-1.jpg 1772w\" sizes=\"(max-width: 300px) 100vw, 300px\" \/> <img decoding=\"async\" class=\"alignnone size-medium wp-image-1053\" src=\"http:\/\/www.rott.it\/wp-content\/uploads\/Vernissage-ROTT-300x225.jpg\" alt=\"\" width=\"300\" height=\"225\" srcset=\"https:\/\/www.rott.it\/wp-content\/uploads\/Vernissage-ROTT-200x150.jpg 200w, https:\/\/www.rott.it\/wp-content\/uploads\/Vernissage-ROTT-300x225.jpg 300w, https:\/\/www.rott.it\/wp-content\/uploads\/Vernissage-ROTT-400x300.jpg 400w, https:\/\/www.rott.it\/wp-content\/uploads\/Vernissage-ROTT-600x450.jpg 600w, https:\/\/www.rott.it\/wp-content\/uploads\/Vernissage-ROTT-768x576.jpg 768w, https:\/\/www.rott.it\/wp-content\/uploads\/Vernissage-ROTT-800x600.jpg 800w, https:\/\/www.rott.it\/wp-content\/uploads\/Vernissage-ROTT-1024x768.jpg 1024w, https:\/\/www.rott.it\/wp-content\/uploads\/Vernissage-ROTT-1200x900.jpg 1200w, https:\/\/www.rott.it\/wp-content\/uploads\/Vernissage-ROTT.jpg 3968w\" sizes=\"(max-width: 300px) 100vw, 300px\" \/><\/p>\n<p>Das Team des Ladinischen Kulturinstituts mit Danila Serafini, Susy Rottonara, Lois Rottonara ROTT, B\u00fcrgermeister Iaco Frenademetz und Direktor Leander Moroder<\/p>\n<p><img decoding=\"async\" class=\"alignnone size-medium wp-image-1051\" src=\"http:\/\/www.rott.it\/wp-content\/uploads\/ROTT-Susy-opere-300x225.jpg\" alt=\"\" width=\"300\" height=\"225\" srcset=\"https:\/\/www.rott.it\/wp-content\/uploads\/ROTT-Susy-opere-200x150.jpg 200w, https:\/\/www.rott.it\/wp-content\/uploads\/ROTT-Susy-opere-300x225.jpg 300w, https:\/\/www.rott.it\/wp-content\/uploads\/ROTT-Susy-opere-400x300.jpg 400w, https:\/\/www.rott.it\/wp-content\/uploads\/ROTT-Susy-opere-600x450.jpg 600w, https:\/\/www.rott.it\/wp-content\/uploads\/ROTT-Susy-opere-768x576.jpg 768w, https:\/\/www.rott.it\/wp-content\/uploads\/ROTT-Susy-opere-800x600.jpg 800w, https:\/\/www.rott.it\/wp-content\/uploads\/ROTT-Susy-opere-1024x768.jpg 1024w, https:\/\/www.rott.it\/wp-content\/uploads\/ROTT-Susy-opere-1200x900.jpg 1200w, https:\/\/www.rott.it\/wp-content\/uploads\/ROTT-Susy-opere.jpg 3968w\" sizes=\"(max-width: 300px) 100vw, 300px\" \/>\u00a0 <img decoding=\"async\" class=\"alignnone size-medium wp-image-1050\" src=\"http:\/\/www.rott.it\/wp-content\/uploads\/Lois-Rottonara-ROTT-Susy-Rottonara-284x300.jpg\" alt=\"\" width=\"284\" height=\"300\" srcset=\"https:\/\/www.rott.it\/wp-content\/uploads\/Lois-Rottonara-ROTT-Susy-Rottonara-200x211.jpg 200w, https:\/\/www.rott.it\/wp-content\/uploads\/Lois-Rottonara-ROTT-Susy-Rottonara-284x300.jpg 284w, https:\/\/www.rott.it\/wp-content\/uploads\/Lois-Rottonara-ROTT-Susy-Rottonara-400x422.jpg 400w, https:\/\/www.rott.it\/wp-content\/uploads\/Lois-Rottonara-ROTT-Susy-Rottonara-600x633.jpg 600w, https:\/\/www.rott.it\/wp-content\/uploads\/Lois-Rottonara-ROTT-Susy-Rottonara-768x810.jpg 768w, https:\/\/www.rott.it\/wp-content\/uploads\/Lois-Rottonara-ROTT-Susy-Rottonara-800x844.jpg 800w, https:\/\/www.rott.it\/wp-content\/uploads\/Lois-Rottonara-ROTT-Susy-Rottonara-971x1024.jpg 971w, https:\/\/www.rott.it\/wp-content\/uploads\/Lois-Rottonara-ROTT-Susy-Rottonara-1200x1266.jpg 1200w, https:\/\/www.rott.it\/wp-content\/uploads\/Lois-Rottonara-ROTT-Susy-Rottonara.jpg 2313w\" sizes=\"(max-width: 284px) 100vw, 284px\" \/>\u00a0\u00a0 <img decoding=\"async\" class=\"alignnone size-medium wp-image-1052\" src=\"http:\/\/www.rott.it\/wp-content\/uploads\/Susy-Rottonara-piano-300x294.jpg\" alt=\"\" width=\"300\" height=\"294\" srcset=\"https:\/\/www.rott.it\/wp-content\/uploads\/Susy-Rottonara-piano-66x66.jpg 66w, https:\/\/www.rott.it\/wp-content\/uploads\/Susy-Rottonara-piano-200x196.jpg 200w, https:\/\/www.rott.it\/wp-content\/uploads\/Susy-Rottonara-piano-300x294.jpg 300w, https:\/\/www.rott.it\/wp-content\/uploads\/Susy-Rottonara-piano-400x393.jpg 400w, https:\/\/www.rott.it\/wp-content\/uploads\/Susy-Rottonara-piano-600x589.jpg 600w, https:\/\/www.rott.it\/wp-content\/uploads\/Susy-Rottonara-piano-768x754.jpg 768w, https:\/\/www.rott.it\/wp-content\/uploads\/Susy-Rottonara-piano-800x785.jpg 800w, https:\/\/www.rott.it\/wp-content\/uploads\/Susy-Rottonara-piano-1024x1005.jpg 1024w, https:\/\/www.rott.it\/wp-content\/uploads\/Susy-Rottonara-piano-1200x1178.jpg 1200w, https:\/\/www.rott.it\/wp-content\/uploads\/Susy-Rottonara-piano.jpg 2800w\" sizes=\"(max-width: 300px) 100vw, 300px\" \/><\/p>\n<p>Susy Rottonara und ROTT\u00a0\u00a0\u00a0\u00a0\u00a0\u00a0\u00a0\u00a0\u00a0\u00a0\u00a0\u00a0\u00a0\u00a0\u00a0\u00a0\u00a0\u00a0\u00a0\u00a0\u00a0\u00a0\u00a0\u00a0\u00a0\u00a0\u00a0\u00a0 Kunstwerk Modeschau\u00a0\u00a0\u00a0\u00a0\u00a0\u00a0\u00a0\u00a0\u00a0\u00a0\u00a0\u00a0\u00a0\u00a0\u00a0\u00a0\u00a0\u00a0\u00a0\u00a0\u00a0\u00a0\u00a0\u00a0\u00a0\u00a0\u00a0\u00a0\u00a0\u00a0 Susy Rottonara am Klavier<\/p>\n<p><img decoding=\"async\" class=\"alignnone size-medium wp-image-1066\" src=\"http:\/\/www.rott.it\/wp-content\/uploads\/rott_mostra_ausstellung_2018_04-300x196.jpg\" alt=\"\" width=\"300\" height=\"196\" srcset=\"https:\/\/www.rott.it\/wp-content\/uploads\/rott_mostra_ausstellung_2018_04-200x130.jpg 200w, https:\/\/www.rott.it\/wp-content\/uploads\/rott_mostra_ausstellung_2018_04-300x196.jpg 300w, https:\/\/www.rott.it\/wp-content\/uploads\/rott_mostra_ausstellung_2018_04-400x261.jpg 400w, https:\/\/www.rott.it\/wp-content\/uploads\/rott_mostra_ausstellung_2018_04-600x391.jpg 600w, https:\/\/www.rott.it\/wp-content\/uploads\/rott_mostra_ausstellung_2018_04-768x501.jpg 768w, https:\/\/www.rott.it\/wp-content\/uploads\/rott_mostra_ausstellung_2018_04-800x522.jpg 800w, https:\/\/www.rott.it\/wp-content\/uploads\/rott_mostra_ausstellung_2018_04-1024x668.jpg 1024w, https:\/\/www.rott.it\/wp-content\/uploads\/rott_mostra_ausstellung_2018_04-1200x782.jpg 1200w, https:\/\/www.rott.it\/wp-content\/uploads\/rott_mostra_ausstellung_2018_04.jpg 4427w\" sizes=\"(max-width: 300px) 100vw, 300px\" \/> <img decoding=\"async\" class=\"alignnone size-medium wp-image-1065\" src=\"http:\/\/www.rott.it\/wp-content\/uploads\/rott_mostra_ausstellung_2018_01-300x184.jpg\" alt=\"\" width=\"300\" height=\"184\" srcset=\"https:\/\/www.rott.it\/wp-content\/uploads\/rott_mostra_ausstellung_2018_01-200x123.jpg 200w, https:\/\/www.rott.it\/wp-content\/uploads\/rott_mostra_ausstellung_2018_01-300x184.jpg 300w, https:\/\/www.rott.it\/wp-content\/uploads\/rott_mostra_ausstellung_2018_01-400x246.jpg 400w, https:\/\/www.rott.it\/wp-content\/uploads\/rott_mostra_ausstellung_2018_01-600x369.jpg 600w, https:\/\/www.rott.it\/wp-content\/uploads\/rott_mostra_ausstellung_2018_01-768x472.jpg 768w, https:\/\/www.rott.it\/wp-content\/uploads\/rott_mostra_ausstellung_2018_01-800x491.jpg 800w, https:\/\/www.rott.it\/wp-content\/uploads\/rott_mostra_ausstellung_2018_01-1024x629.jpg 1024w, https:\/\/www.rott.it\/wp-content\/uploads\/rott_mostra_ausstellung_2018_01-1200x737.jpg 1200w, https:\/\/www.rott.it\/wp-content\/uploads\/rott_mostra_ausstellung_2018_01.jpg 4210w\" sizes=\"(max-width: 300px) 100vw, 300px\" \/> <img decoding=\"async\" class=\"alignnone size-medium wp-image-1067\" src=\"http:\/\/www.rott.it\/wp-content\/uploads\/rott_mostra_ausstellung_2018_06-300x168.jpg\" alt=\"\" width=\"300\" height=\"168\" srcset=\"https:\/\/www.rott.it\/wp-content\/uploads\/rott_mostra_ausstellung_2018_06-200x112.jpg 200w, https:\/\/www.rott.it\/wp-content\/uploads\/rott_mostra_ausstellung_2018_06-300x168.jpg 300w, https:\/\/www.rott.it\/wp-content\/uploads\/rott_mostra_ausstellung_2018_06-400x224.jpg 400w, https:\/\/www.rott.it\/wp-content\/uploads\/rott_mostra_ausstellung_2018_06-600x336.jpg 600w, https:\/\/www.rott.it\/wp-content\/uploads\/rott_mostra_ausstellung_2018_06-768x430.jpg 768w, https:\/\/www.rott.it\/wp-content\/uploads\/rott_mostra_ausstellung_2018_06-800x448.jpg 800w, https:\/\/www.rott.it\/wp-content\/uploads\/rott_mostra_ausstellung_2018_06-1024x573.jpg 1024w, https:\/\/www.rott.it\/wp-content\/uploads\/rott_mostra_ausstellung_2018_06-1200x672.jpg 1200w, https:\/\/www.rott.it\/wp-content\/uploads\/rott_mostra_ausstellung_2018_06.jpg 5109w\" sizes=\"(max-width: 300px) 100vw, 300px\" \/><\/p>\n<p><img decoding=\"async\" class=\"alignnone size-medium wp-image-1074\" src=\"http:\/\/www.rott.it\/wp-content\/uploads\/rott_mostra_ausstellung_2018_02-300x106.jpg\" alt=\"\" width=\"300\" height=\"106\" srcset=\"https:\/\/www.rott.it\/wp-content\/uploads\/rott_mostra_ausstellung_2018_02-200x70.jpg 200w, https:\/\/www.rott.it\/wp-content\/uploads\/rott_mostra_ausstellung_2018_02-300x106.jpg 300w, https:\/\/www.rott.it\/wp-content\/uploads\/rott_mostra_ausstellung_2018_02-400x141.jpg 400w, https:\/\/www.rott.it\/wp-content\/uploads\/rott_mostra_ausstellung_2018_02-600x211.jpg 600w, https:\/\/www.rott.it\/wp-content\/uploads\/rott_mostra_ausstellung_2018_02-768x271.jpg 768w, https:\/\/www.rott.it\/wp-content\/uploads\/rott_mostra_ausstellung_2018_02-800x282.jpg 800w, https:\/\/www.rott.it\/wp-content\/uploads\/rott_mostra_ausstellung_2018_02-1024x361.jpg 1024w, https:\/\/www.rott.it\/wp-content\/uploads\/rott_mostra_ausstellung_2018_02-1200x423.jpg 1200w, https:\/\/www.rott.it\/wp-content\/uploads\/rott_mostra_ausstellung_2018_02.jpg 4868w\" sizes=\"(max-width: 300px) 100vw, 300px\" \/> Fotos von \u00a9 Werner Pescosta<\/p>\n<p>Finale aus Jardin sous la plouie von C.Debussy:<\/p>\n<div style=\"width: 852px;\" class=\"wp-video\"><!--[if lt IE 9]><script>document.createElement('video');<\/script><![endif]-->\n<video class=\"wp-video-shortcode\" id=\"video-1031-1\" width=\"852\" height=\"480\" preload=\"metadata\" controls=\"controls\"><source type=\"video\/mp4\" src=\"http:\/\/www.rott.it\/wp-content\/uploads\/Susy-Debussy-mostra-ROTT-80.mp4?_=1\" \/><a href=\"http:\/\/www.rott.it\/wp-content\/uploads\/Susy-Debussy-mostra-ROTT-80.mp4\">http:\/\/www.rott.it\/wp-content\/uploads\/Susy-Debussy-mostra-ROTT-80.mp4<\/a><\/video><\/div>\n<\/div><div class=\"fusion-clearfix\"><\/div><\/div><\/div><\/div><\/div>\n","protected":false},"excerpt":{"rendered":"","protected":false},"author":2,"featured_media":0,"comment_status":"open","ping_status":"closed","sticky":false,"template":"","format":"standard","meta":{"footnotes":""},"categories":[42,15],"tags":[],"_links":{"self":[{"href":"https:\/\/www.rott.it\/de\/wp-json\/wp\/v2\/posts\/1031"}],"collection":[{"href":"https:\/\/www.rott.it\/de\/wp-json\/wp\/v2\/posts"}],"about":[{"href":"https:\/\/www.rott.it\/de\/wp-json\/wp\/v2\/types\/post"}],"author":[{"embeddable":true,"href":"https:\/\/www.rott.it\/de\/wp-json\/wp\/v2\/users\/2"}],"replies":[{"embeddable":true,"href":"https:\/\/www.rott.it\/de\/wp-json\/wp\/v2\/comments?post=1031"}],"version-history":[{"count":5,"href":"https:\/\/www.rott.it\/de\/wp-json\/wp\/v2\/posts\/1031\/revisions"}],"predecessor-version":[{"id":1101,"href":"https:\/\/www.rott.it\/de\/wp-json\/wp\/v2\/posts\/1031\/revisions\/1101"}],"wp:attachment":[{"href":"https:\/\/www.rott.it\/de\/wp-json\/wp\/v2\/media?parent=1031"}],"wp:term":[{"taxonomy":"category","embeddable":true,"href":"https:\/\/www.rott.it\/de\/wp-json\/wp\/v2\/categories?post=1031"},{"taxonomy":"post_tag","embeddable":true,"href":"https:\/\/www.rott.it\/de\/wp-json\/wp\/v2\/tags?post=1031"}],"curies":[{"name":"wp","href":"https:\/\/api.w.org\/{rel}","templated":true}]}}